{"id":46296,"date":"2017-12-03T18:30:28","date_gmt":"2017-12-03T22:30:28","guid":{"rendered":"http:\/\/loveoporaqui.com\/web1\/?p=46296"},"modified":"2017-12-03T18:30:28","modified_gmt":"2017-12-03T22:30:28","slug":"video-calma-carmona-presenta-su-produccion-100-vidas-por-wipr","status":"publish","type":"post","link":"https:\/\/loveoporaqui.com\/web1\/video-calma-carmona-presenta-su-produccion-100-vidas-por-wipr\/","title":{"rendered":"[VIDEO] Calma Carmona presenta su producci\u00f3n \u201c100 Vidas\u201d por WIPR"},"content":{"rendered":"<h5>WIPR Records en una novel alianza transmiti\u00f3, ayer, en directo por WIPR Televisi\u00f3n y por Internet para el mundo la presentaci\u00f3n de la primera producci\u00f3n musical de la cantante Calma Carmona. Una noche inolvidable donde la destacada joven brill\u00f3, con respaldo y apoyo, en el firmamento musical.<\/h5>\n<div class=\"jetpack-video-wrapper\"><iframe title=\"Calma Carmona presenta su producci\u00f3n &quot;100 Vidas&quot; por WIPR\" width=\"640\" height=\"360\" src=\"https:\/\/www.youtube.com\/embed\/i6RX9CxhVf0?feature=oembed\" frameborder=\"0\" allow=\"accelerometer; autoplay; clipboard-write; encrypted-media; gyroscope; picture-in-picture; web-share\" referrerpolicy=\"strict-origin-when-cross-origin\" allowfullscreen><\/iframe><\/div>\n","protected":false},"excerpt":{"rendered":"<p>WIPR Records en una novel alianza transmiti\u00f3, ayer, en directo por WIPR Televisi\u00f3n y por Internet para el mundo la presentaci\u00f3n de la primera producci\u00f3n musical de la cantante Calma Carmona. Una noche inolvidable donde la destacada joven brill\u00f3, con respaldo y apoyo, en el firmamento musical.<\/p>\n","protected":false},"author":1,"featured_media":46297,"comment_status":"open","ping_status":"open","sticky":false,"template":"","format":"standard","meta":{"advanced_seo_description":"","jetpack_seo_html_title":"","jetpack_seo_noindex":false,"_jetpack_memberships_contains_paid_content":false,"footnotes":"","jetpack_publicize_message":"","jetpack_publicize_feature_enabled":true,"jetpack_social_post_already_shared":false,"jetpack_social_options":{"image_generator_settings":{"template":"highway","enabled":false},"version":2}},"categories":[25],"tags":[],"class_list":["post-46296","post","type-post","status-publish","format-standard","has-post-thumbnail","hentry","category-musica"],"jetpack_publicize_connections":[],"jetpack_featured_media_url":"https:\/\/loveoporaqui.com\/web1\/wp-content\/uploads\/2017\/12\/CalmaCarmona2.jpg","jetpack-related-posts":[],"jetpack_sharing_enabled":true,"jetpack_likes_enabled":true,"_links":{"self":[{"href":"https:\/\/loveoporaqui.com\/web1\/wp-json\/wp\/v2\/posts\/46296","targetHints":{"allow":["GET"]}}],"collection":[{"href":"https:\/\/loveoporaqui.com\/web1\/wp-json\/wp\/v2\/posts"}],"about":[{"href":"https:\/\/loveoporaqui.com\/web1\/wp-json\/wp\/v2\/types\/post"}],"author":[{"embeddable":true,"href":"https:\/\/loveoporaqui.com\/web1\/wp-json\/wp\/v2\/users\/1"}],"replies":[{"embeddable":true,"href":"https:\/\/loveoporaqui.com\/web1\/wp-json\/wp\/v2\/comments?post=46296"}],"version-history":[{"count":1,"href":"https:\/\/loveoporaqui.com\/web1\/wp-json\/wp\/v2\/posts\/46296\/revisions"}],"predecessor-version":[{"id":46298,"href":"https:\/\/loveoporaqui.com\/web1\/wp-json\/wp\/v2\/posts\/46296\/revisions\/46298"}],"wp:featuredmedia":[{"embeddable":true,"href":"https:\/\/loveoporaqui.com\/web1\/wp-json\/wp\/v2\/media\/46297"}],"wp:attachment":[{"href":"https:\/\/loveoporaqui.com\/web1\/wp-json\/wp\/v2\/media?parent=46296"}],"wp:term":[{"taxonomy":"category","embeddable":true,"href":"https:\/\/loveoporaqui.com\/web1\/wp-json\/wp\/v2\/categories?post=46296"},{"taxonomy":"post_tag","embeddable":true,"href":"https:\/\/loveoporaqui.com\/web1\/wp-json\/wp\/v2\/tags?post=46296"}],"curies":[{"name":"wp","href":"https:\/\/api.w.org\/{rel}","templated":true}]}}