{"id":45798,"date":"2017-04-20T07:28:10","date_gmt":"2017-04-20T11:28:10","guid":{"rendered":"http:\/\/loveoporaqui.com\/web1\/?p=45798"},"modified":"2017-04-20T07:28:10","modified_gmt":"2017-04-20T11:28:10","slug":"marjorie-de-sousa-sobre-su-separacion-han-sido-meses-de-enfrentarme-a-muchas-decepciones","status":"publish","type":"post","link":"https:\/\/loveoporaqui.com\/web1\/marjorie-de-sousa-sobre-su-separacion-han-sido-meses-de-enfrentarme-a-muchas-decepciones\/","title":{"rendered":"Marjorie de Sousa sobre su separaci\u00f3n: \u201cHan sido meses de enfrentarme a muchas decepciones\u201d"},"content":{"rendered":"<p><strong>Marjorie de Sousa<\/strong> reconoci\u00f3 este mi\u00e9rcoles que pasa por un momento \u201cmuy, muy dif\u00edcil\u201d despu\u00e9s de que se <a href=\"http:\/\/peopleenespanol.com\/celebridades\/confirmado-marjorie-de-sousa-y-julian-gil-estan-separados\/\" target=\"_blank\">confirmara su separaci\u00f3n<\/a> de <strong>Juli\u00e1n Gil<\/strong>\u00a0pocos meses despu\u00e9s del nacimiento de su hijo.<\/p>\n<p>\u201cHago de su conocimiento oficialmente que la relaci\u00f3n con Juli\u00e1n Gil s\u00ed lleg\u00f3 a su fin\u201d, dijo la actriz en un comunicado de prensa al que tuvo acceso <em>People en Espa\u00f1ol<\/em>. \u201cSe han dicho muchas versiones e incluso han calumniado a mi equipo de trabajo con declaraciones jam\u00e1s ofrecidas\u201d.<\/p>\n<p>La venezolana resalt\u00f3 que su compromiso \u201cm\u00e1s grande\u201d es con mi hijo, <strong>Mat\u00edas Gregorio<\/strong>, por el que seguir\u00e1 trabajando para asegurarse de que \u201cnunca le falte nada\u201d.<\/p>\n<p>\u201cS\u00e9 que as\u00ed ser\u00e1 porque crece y crecer\u00e1 con un amor abundante e inagotable\u201d, agreg\u00f3.<\/p>\n<p>[metaslider id=28136]La pareja anunci\u00f3 el pasado septiembre en<a href=\"http:\/\/peopleenespanol.com\/article\/que-sucedio-en-la-sesion-de-fotos-de-marjorie-de-sousa-y-julian-gil\/\" target=\"_blank\"> exclusiva en\u00a0<em>People en Espa\u00f1ol<\/em> <\/a>que estaba comprometida y esperaba un hijo. \u201cYo quer\u00eda hijos, quer\u00eda una familia tambi\u00e9n\u201d, dijo De Sousa en esa entrevista.\u201dQue el beb\u00e9 est\u00e9 saludable es lo \u00fanico que deseamos\u201d<\/p>\n<p>Su deseo se cumpli\u00f3 y la pareja recibi\u00f3 a <strong>Mat\u00edas Gregorio<\/strong> el pasado enero, pero tras el nacimiento del peque\u00f1o aparentemente empezaron a surgir desavenencias en la pareja que culminaron con su separaci\u00f3n.<\/p>\n<p>\u201cDesde lo m\u00e1s profundo de mi coraz\u00f3n estoy agradecida siempre por su apoyo, no les niego que es un momento muy, muy dif\u00edcil\u201d, escribi\u00f3 en el comunicado de Sousa, quien pide respeto por parte de los medios. \u201cHan sido meses de enfrentarme a muchas decepciones y realidades que no imagine, es muy complejo lo que vivo como mujer, como madre y como ser humano en todos los sentidos de vida\u201d.<\/p>\n<p>Aqu\u00ed el comunicado completo:<\/p>\n<p><em><strong>El p\u00fablico, los medios de comunicaci\u00f3n, fans y amigos, no s\u00f3lo son fundamental en la formaci\u00f3n y en el \u00e9xito de la carrera de un artista, tambi\u00e9n se convierten en la familia cercana de cada uno de nosotros los que trabajamos en este medio, donde nuestra vida est\u00e1 expuesta a los comentarios, opiniones y acciones de terceros.<\/strong><\/em><\/p>\n<p><em><strong>Como todo ser humano nos emocionamos, vivimos, compartimos momentos, decisiones y tambi\u00e9n noticias que no siempre son las m\u00e1s agradables.<\/strong><\/em><\/p>\n<p><em><strong>Hago de su conocimiento oficialmente que la relaci\u00f3n con Juli\u00e1n Gil s\u00ed lleg\u00f3 a su fin, se han dicho muchas versiones e incluso han calumniado a mi equipo de trabajo con declaraciones jam\u00e1s ofrecidas, cosas y situaciones en referencia a mi persona e involucrando mi nombre tambi\u00e9n.<\/strong><\/em><\/p>\n<p><em><strong>Nadie hasta este momento se hab\u00eda pronunciado ante esta situaci\u00f3n, primero por respeto a mi hijo, al p\u00fablico que es por quien trabajo y por qu\u00e9 somos figuras que estamos expuestas a situaciones personales como esta que no son agradables de compartir y de las cuales a veces se puede juzgar sin saber.<\/strong><\/em><\/p>\n","protected":false},"excerpt":{"rendered":"<p>Marjorie de Sousa reconoci\u00f3 este mi\u00e9rcoles que pasa por un momento \u201cmuy, muy dif\u00edcil\u201d despu\u00e9s de que se confirmara su separaci\u00f3n de Juli\u00e1n Gil\u00a0pocos meses despu\u00e9s del nacimiento de su hijo. \u201cHago de su conocimiento oficialmente que la relaci\u00f3n con Juli\u00e1n Gil s\u00ed lleg\u00f3 a su fin\u201d, dijo la actriz en un comunicado de prensa [&hellip;]<\/p>\n","protected":false},"author":1,"featured_media":44393,"comment_status":"open","ping_status":"open","sticky":false,"template":"","format":"standard","meta":{"advanced_seo_description":"","jetpack_seo_html_title":"","jetpack_seo_noindex":false,"_jetpack_memberships_contains_paid_content":false,"footnotes":"","jetpack_publicize_message":"","jetpack_publicize_feature_enabled":true,"jetpack_social_post_already_shared":false,"jetpack_social_options":{"image_generator_settings":{"template":"highway","enabled":false},"version":2}},"categories":[64],"tags":[],"class_list":["post-45798","post","type-post","status-publish","format-standard","has-post-thumbnail","hentry","category-en-que-andan-los-famosos"],"jetpack_publicize_connections":[],"jetpack_featured_media_url":"https:\/\/loveoporaqui.com\/web1\/wp-content\/uploads\/2016\/10\/marjorie-de-sousa-y-julian-gil-de-nuevo-juntos_gallery_a.jpg","jetpack-related-posts":[],"jetpack_sharing_enabled":true,"jetpack_likes_enabled":true,"_links":{"self":[{"href":"https:\/\/loveoporaqui.com\/web1\/wp-json\/wp\/v2\/posts\/45798","targetHints":{"allow":["GET"]}}],"collection":[{"href":"https:\/\/loveoporaqui.com\/web1\/wp-json\/wp\/v2\/posts"}],"about":[{"href":"https:\/\/loveoporaqui.com\/web1\/wp-json\/wp\/v2\/types\/post"}],"author":[{"embeddable":true,"href":"https:\/\/loveoporaqui.com\/web1\/wp-json\/wp\/v2\/users\/1"}],"replies":[{"embeddable":true,"href":"https:\/\/loveoporaqui.com\/web1\/wp-json\/wp\/v2\/comments?post=45798"}],"version-history":[{"count":1,"href":"https:\/\/loveoporaqui.com\/web1\/wp-json\/wp\/v2\/posts\/45798\/revisions"}],"predecessor-version":[{"id":45799,"href":"https:\/\/loveoporaqui.com\/web1\/wp-json\/wp\/v2\/posts\/45798\/revisions\/45799"}],"wp:featuredmedia":[{"embeddable":true,"href":"https:\/\/loveoporaqui.com\/web1\/wp-json\/wp\/v2\/media\/44393"}],"wp:attachment":[{"href":"https:\/\/loveoporaqui.com\/web1\/wp-json\/wp\/v2\/media?parent=45798"}],"wp:term":[{"taxonomy":"category","embeddable":true,"href":"https:\/\/loveoporaqui.com\/web1\/wp-json\/wp\/v2\/categories?post=45798"},{"taxonomy":"post_tag","embeddable":true,"href":"https:\/\/loveoporaqui.com\/web1\/wp-json\/wp\/v2\/tags?post=45798"}],"curies":[{"name":"wp","href":"https:\/\/api.w.org\/{rel}","templated":true}]}}